{"id":1760,"__str__":"Biografia / Curr\u00edculo - Biografia / Curr\u00edculo de 03/01/2025 por ","link_detail_backend":"/materia/documentoacessorio/1760","metadata":{},"nome":"Biografia / Curr\u00edculo","data":"2025-01-03","autor":"","ementa":"","indexacao":"","arquivo":"http://sapl.montesclaros.mg.leg.br/media/sapl/public/documentoacessorio/2025/1760/biografia.pdf","data_ultima_atualizacao":"2025-01-03T14:36:54.017768-03:00","materia":10711,"tipo":10}