{"id":2445,"__str__":"Biografia / Curr\u00edculo - Biografia / Curr\u00edculo de 11/11/2025 por ","link_detail_backend":"/materia/documentoacessorio/2445","metadata":{},"nome":"Biografia / Curr\u00edculo","data":"2025-11-11","autor":"","ementa":"","indexacao":"","arquivo":"http://sapl.montesclaros.mg.leg.br/media/sapl/public/documentoacessorio/2025/2445/luiz_denison_batista_rocha.pdf","data_ultima_atualizacao":"2025-11-11T09:37:02.527402-03:00","materia":11986,"tipo":10}