{"id":902,"__str__":"Parecer - Parecer Comiss\u00e3o Legisla\u00e7\u00e3o, Justi\u00e7a e Reda\u00e7\u00e3o de 05/10/2023 por Comiss\u00e3o Legisla\u00e7\u00e3o, Justi\u00e7a e Reda\u00e7\u00e3o","link_detail_backend":"/materia/documentoacessorio/902","metadata":{},"nome":"Parecer Comiss\u00e3o Legisla\u00e7\u00e3o, Justi\u00e7a e Reda\u00e7\u00e3o","data":"2023-10-05","autor":"Comiss\u00e3o Legisla\u00e7\u00e3o, Justi\u00e7a e Reda\u00e7\u00e3o","ementa":"","indexacao":"","arquivo":"http://sapl.montesclaros.mg.leg.br/media/sapl/public/documentoacessorio/2023/902/parecer.em.pl.130.2023.cljr.pdf","data_ultima_atualizacao":"2023-10-05T13:11:10.207166-03:00","materia":9455,"tipo":4}