{"id":921,"__str__":"Parecer - Parecer Comiss\u00e3o de Legisla\u00e7\u00e3o, Justi\u00e7a e Reda\u00e7\u00e3o de 19/10/2023 por Comiss\u00e3o de Legisla\u00e7\u00e3o, Justi\u00e7a e Reda\u00e7\u00e3o","link_detail_backend":"/materia/documentoacessorio/921","metadata":{},"nome":"Parecer Comiss\u00e3o de Legisla\u00e7\u00e3o, Justi\u00e7a e Reda\u00e7\u00e3o","data":"2023-10-19","autor":"Comiss\u00e3o de Legisla\u00e7\u00e3o, Justi\u00e7a e Reda\u00e7\u00e3o","ementa":"","indexacao":"","arquivo":"http://sapl.montesclaros.mg.leg.br/media/sapl/public/documentoacessorio/2023/921/parecer_leg_sub_pr_32_2023.pdf","data_ultima_atualizacao":"2023-10-19T11:49:08.629879-03:00","materia":9422,"tipo":4}