{"id":10921,"__str__":"Requerimento n\u00ba 169 de 2025","link_detail_backend":"/materia/10921","metadata":{},"numero":169,"ano":2025,"numero_protocolo":212,"data_apresentacao":"2025-02-17","tipo_apresentacao":"E","data_publicacao":null,"numero_origem_externa":"","ano_origem_externa":null,"data_origem_externa":null,"apelido":"","dias_prazo":null,"data_fim_prazo":null,"em_tramitacao":true,"polemica":false,"objeto":"","complementar":false,"ementa":"Que seja enviado of\u00edcio ao prefeito de Montes Claros, Sr. Guilherme Guimar\u00e3es, com c\u00f3pia para a Procuradoria-Geral, Secretaria de Servi\u00e7os Urbanos, Secretaria de Desenvolvimento Social, Secretaria de Seguran\u00e7a Integrada e Secretaria de Infraestrutura, solicitando a ado\u00e7\u00e3o de medidas administrativas cab\u00edveis em face do propriet\u00e1rio do im\u00f3vel localizado na Av. do Ex\u00e9rcito com Av. Lauro Dias S\u00e1, no bairro Alto da Boa Vista, em raz\u00e3o de situa\u00e7\u00e3o de abandono e das consequ\u00eancias advindas desse estado.","indexacao":"","observacao":"","resultado":"","texto_original":"http://sapl.montesclaros.mg.leg.br/media/sapl/public/materialegislativa/2025/10921/req_169_2025.pdf","data_ultima_atualizacao":"2025-02-17T14:40:38.224404-03:00","ip":"177.101.40.112","ultima_edicao":"2025-02-17T14:40:38.222741-03:00","tipo":4,"regime_tramitacao":1,"tipo_origem_externa":null,"local_origem_externa":null,"user":55,"anexadas":[],"autores":[270]}