{"id":11095,"__str__":"Requerimento n\u00ba 183 de 2025","link_detail_backend":"/materia/11095","metadata":{},"numero":183,"ano":2025,"numero_protocolo":232,"data_apresentacao":"2025-02-24","tipo_apresentacao":"E","data_publicacao":null,"numero_origem_externa":"","ano_origem_externa":null,"data_origem_externa":null,"apelido":"","dias_prazo":null,"data_fim_prazo":null,"em_tramitacao":true,"polemica":false,"objeto":"","complementar":false,"ementa":"Que seja enviado of\u00edcio ao Prefeito de Montes Claros, Guilherme Guimar\u00e3es, e \u00e0 Secretaria Municipal de Sa\u00fade, solicitado melhorias na infraestrutura geral da ESF Renascen\u00e7a.","indexacao":"","observacao":"","resultado":"","texto_original":"http://sapl.montesclaros.mg.leg.br/media/sapl/public/materialegislativa/2025/11095/req_183_2025.pdf","data_ultima_atualizacao":"2025-02-27T14:50:13.726625-03:00","ip":"177.101.43.66","ultima_edicao":"2025-02-27T14:50:13.630352-03:00","tipo":4,"regime_tramitacao":1,"tipo_origem_externa":null,"local_origem_externa":null,"user":3,"anexadas":[],"autores":[269]}