{"id":11263,"__str__":"Requerimento n\u00ba 252 de 2025","link_detail_backend":"/materia/11263","metadata":{},"numero":252,"ano":2025,"numero_protocolo":330,"data_apresentacao":"2025-03-24","tipo_apresentacao":"E","data_publicacao":null,"numero_origem_externa":"","ano_origem_externa":null,"data_origem_externa":null,"apelido":"","dias_prazo":null,"data_fim_prazo":null,"em_tramitacao":true,"polemica":false,"objeto":"","complementar":false,"ementa":"Que seja enviado of\u00edcio ao prefeito de Montes Claros, Guilherme Guimar\u00e3es, solicitando recursos por parte da prefeitura para realiza\u00e7\u00e3o de a\u00e7\u00e3o global a se realizar no dia 12 de maio definido como Dia Mundial de Conscientiza\u00e7\u00e3o e Enfrentamento \u00e0 Fibromialgia em Montes Claros.","indexacao":"","observacao":"","resultado":"","texto_original":"http://sapl.montesclaros.mg.leg.br/media/sapl/public/materialegislativa/2025/11263/req_252_2025.pdf","data_ultima_atualizacao":"2025-03-28T16:24:58.117290-03:00","ip":"177.101.43.66","ultima_edicao":"2025-03-28T16:24:57.993557-03:00","tipo":4,"regime_tramitacao":1,"tipo_origem_externa":null,"local_origem_externa":null,"user":3,"anexadas":[],"autores":[38]}