{"id":11267,"__str__":"Requerimento n\u00ba 256 de 2025","link_detail_backend":"/materia/11267","metadata":{"signs":{"texto_original":{"admin":[],"autores":[["Daniel Dias da Silva",["2025-03-24T13:52:39-03:00","ICP-Brasil"]]]}}},"numero":256,"ano":2025,"numero_protocolo":334,"data_apresentacao":"2025-03-24","tipo_apresentacao":"","data_publicacao":null,"numero_origem_externa":"","ano_origem_externa":null,"data_origem_externa":null,"apelido":"","dias_prazo":null,"data_fim_prazo":null,"em_tramitacao":true,"polemica":false,"objeto":"","complementar":false,"ementa":"Que seja encaminhado of\u00edcio ao prefeito de Montes Claros/MG , Guilherme Augusto Guimar\u00e3es de Oliveira e ao Secret\u00e1rio de Educa\u00e7\u00e3o, Charles Gutemberg Alencar Soares , solicitando a amplia\u00e7\u00e3o do Programa de Educa\u00e7\u00e3o Ampliada de Tempo Integral e/ou Projeto de Interven\u00e7\u00e3o Pedag\u00f3gica para todos os n\u00edveis de escolaridades oferecido pelo munic\u00edpio.","indexacao":"","observacao":"","resultado":"","texto_original":"http://sapl.montesclaros.mg.leg.br/media/sapl/public/materialegislativa/2025/11267/07-_tempo_integral.pdf","data_ultima_atualizacao":"2025-03-24T17:34:19.351031-03:00","ip":"177.101.43.66","ultima_edicao":"2025-03-24T17:34:19.153494-03:00","tipo":4,"regime_tramitacao":1,"tipo_origem_externa":null,"local_origem_externa":null,"user":3,"anexadas":[],"autores":[6]}