{"id":11462,"__str__":"Requerimento n\u00ba 388 de 2025","link_detail_backend":"/materia/11462","metadata":{},"numero":388,"ano":2025,"numero_protocolo":531,"data_apresentacao":"2025-05-21","tipo_apresentacao":"","data_publicacao":null,"numero_origem_externa":"","ano_origem_externa":null,"data_origem_externa":null,"apelido":"","dias_prazo":null,"data_fim_prazo":null,"em_tramitacao":false,"polemica":false,"objeto":"","complementar":false,"ementa":"Que seja enviado of\u00edcio \u00e0 Secretaria Municipal de Sa\u00fade, \u00e0 Secretaria de Desenvolvimento Social e \u00e0 Secretaria Municipal de Educa\u00e7\u00e3o, solicitando um cadastro das m\u00e3es at\u00edpicas no munic\u00edpio, com aten\u00e7\u00e3o especial \u00e0s m\u00e3es solo, visando garantir acompanhamento e assist\u00eancia especializada.","indexacao":"","observacao":"","resultado":"","texto_original":"http://sapl.montesclaros.mg.leg.br/media/sapl/public/materialegislativa/2025/11462/req..pdf","data_ultima_atualizacao":"2025-05-21T16:58:25.278154-03:00","ip":"177.101.43.66","ultima_edicao":"2025-05-21T16:58:25.276609-03:00","tipo":4,"regime_tramitacao":1,"tipo_origem_externa":null,"local_origem_externa":null,"user":3,"anexadas":[],"autores":[38]}