{"id":11480,"__str__":"Requerimento n\u00ba 400 de 2025","link_detail_backend":"/materia/11480","metadata":{},"numero":400,"ano":2025,"numero_protocolo":548,"data_apresentacao":"2025-05-26","tipo_apresentacao":"E","data_publicacao":null,"numero_origem_externa":"","ano_origem_externa":null,"data_origem_externa":null,"apelido":"","dias_prazo":null,"data_fim_prazo":null,"em_tramitacao":true,"polemica":false,"objeto":"","complementar":false,"ementa":"Que seja expedido of\u00edcio ao sr. Guilherme Guimar\u00e3es, prefeito de Montes Claros, com c\u00f3pia ao sr. Alexandre Braga, Diretor do Procon Municipal, solicitando, que sejam disponibilizadas cadeiras de rodas em todos os \u00f3rg\u00e3os p\u00fablicos municipais, em conformidade com o art. 12-A da Lei n\u00ba 10.098/2000 e com o Estatuto da Pessoa com Defici\u00eancia, que garantem o direito \u00e0 acessibilidade das pessoas com defici\u00eancia.","indexacao":"","observacao":"","resultado":"","texto_original":"http://sapl.montesclaros.mg.leg.br/media/sapl/public/materialegislativa/2025/11480/req_400_2025.pdf","data_ultima_atualizacao":"2025-05-29T14:18:35.975322-03:00","ip":"177.101.43.66","ultima_edicao":"2025-05-29T14:18:35.840273-03:00","tipo":4,"regime_tramitacao":1,"tipo_origem_externa":null,"local_origem_externa":null,"user":3,"anexadas":[],"autores":[2]}