{"id":11530,"__str__":"Requerimento n\u00ba 434 de 2025","link_detail_backend":"/materia/11530","metadata":{},"numero":434,"ano":2025,"numero_protocolo":599,"data_apresentacao":"2025-06-09","tipo_apresentacao":"","data_publicacao":null,"numero_origem_externa":"","ano_origem_externa":null,"data_origem_externa":null,"apelido":"","dias_prazo":null,"data_fim_prazo":null,"em_tramitacao":false,"polemica":false,"objeto":"","complementar":false,"ementa":"Solicita ao prefeito Guilherme Guimar\u00e3es e ao secret\u00e1rio de Sa\u00fade Eduardo Luiz, o pagamento da produtividade para os profissionais que atuam na Aten\u00e7\u00e3o B\u00e1sica ou Prim\u00e1ria de Sa\u00fade.","indexacao":"","observacao":"","resultado":"","texto_original":"http://sapl.montesclaros.mg.leg.br/media/sapl/public/materialegislativa/2025/11530/req._06.pdf","data_ultima_atualizacao":"2025-06-09T16:31:54.715417-03:00","ip":"177.101.43.66","ultima_edicao":"2025-06-09T16:31:54.713557-03:00","tipo":4,"regime_tramitacao":1,"tipo_origem_externa":null,"local_origem_externa":null,"user":3,"anexadas":[],"autores":[11]}