{"id":11877,"__str__":"Projeto de Lei n\u00ba 193 de 2025","link_detail_backend":"/materia/11877","metadata":{},"numero":193,"ano":2025,"numero_protocolo":937,"data_apresentacao":"2025-10-07","tipo_apresentacao":"E","data_publicacao":null,"numero_origem_externa":"","ano_origem_externa":null,"data_origem_externa":null,"apelido":"","dias_prazo":null,"data_fim_prazo":null,"em_tramitacao":false,"polemica":false,"objeto":"","complementar":false,"ementa":"Institui no Calend\u00e1rio Oficial de Montes Claros o Dia Municipal do Nascituro e de Conscientiza\u00e7\u00e3o sobre os Riscos do Aborto.","indexacao":"","observacao":"","resultado":"","texto_original":"http://sapl.montesclaros.mg.leg.br/media/sapl/public/materialegislativa/2025/11877/pl_193_2025.pdf","data_ultima_atualizacao":"2025-11-19T11:29:51.934698-03:00","ip":"177.101.43.66","ultima_edicao":"2025-10-07T10:36:50.143402-03:00","tipo":6,"regime_tramitacao":1,"tipo_origem_externa":null,"local_origem_externa":null,"user":2,"anexadas":[],"autores":[269]}