{"id":12018,"__str__":"Requerimento n\u00ba 706 de 2025","link_detail_backend":"/materia/12018","metadata":{},"numero":706,"ano":2025,"numero_protocolo":1078,"data_apresentacao":"2025-11-19","tipo_apresentacao":"E","data_publicacao":null,"numero_origem_externa":"","ano_origem_externa":null,"data_origem_externa":null,"apelido":"","dias_prazo":null,"data_fim_prazo":null,"em_tramitacao":true,"polemica":false,"objeto":"","complementar":false,"ementa":"Que seja encaminhado of\u00edcio, ao Exmo. Sr. Prefeito de Montes Claros, Guilherme Augusto Guimar\u00e3es Oliveira, solicitando que fa\u00e7a o chamamento p\u00fablico para elei\u00e7\u00e3o do Comit\u00ea de Monitoramento e Assessoramento da Pol\u00edtica Municipal para Pessoas em Situa\u00e7\u00e3o de Rua.","indexacao":"","observacao":"","resultado":"","texto_original":"http://sapl.montesclaros.mg.leg.br/media/sapl/public/materialegislativa/2025/12018/req_706_2025.pdf","data_ultima_atualizacao":"2025-11-19T12:19:58.343656-03:00","ip":"177.101.43.66","ultima_edicao":"2025-11-19T12:19:58.341577-03:00","tipo":4,"regime_tramitacao":1,"tipo_origem_externa":null,"local_origem_externa":null,"user":2,"anexadas":[],"autores":[11]}