{"id":12390,"__str__":"Projeto de Lei n\u00ba 68 de 2026","link_detail_backend":"/materia/12390","metadata":{"signs":{"texto_original":{"admin":[],"autores":[["Guilherme Augusto Guimaraes de Oliveira",["2026-04-13T22:13:46-03:00","ICP-Brasil - AC SyngularID Multipla"]]]}}},"numero":68,"ano":2026,"numero_protocolo":257,"data_apresentacao":"2026-04-14","tipo_apresentacao":"","data_publicacao":null,"numero_origem_externa":"","ano_origem_externa":null,"data_origem_externa":null,"apelido":"","dias_prazo":null,"data_fim_prazo":null,"em_tramitacao":false,"polemica":false,"objeto":"","complementar":false,"ementa":"Altera a organiza\u00e7\u00e3o administrativa da Guarda Municipal de Montes Claros, disp\u00f5e sobre os n\u00edveis hier\u00e1rquicos, institui o porte funcional de arma de fogo, e d\u00e1 outras provid\u00eancias.","indexacao":"","observacao":"","resultado":"","texto_original":"http://sapl.montesclaros.mg.leg.br/media/sapl/public/materialegislativa/2026/12390/pl_plano_de_cargos_e_salarios_gcm_moc_ass.pdf","data_ultima_atualizacao":"2026-04-16T11:04:16.379928-03:00","ip":"177.101.43.66","ultima_edicao":"2026-04-14T10:13:35.443723-03:00","tipo":6,"regime_tramitacao":1,"tipo_origem_externa":null,"local_origem_externa":null,"user":2,"anexadas":[],"autores":[238]}