{"id":8290,"__str__":"Requerimento n\u00ba 24 de 2023","link_detail_backend":"/materia/8290","metadata":{},"numero":24,"ano":2023,"numero_protocolo":33,"data_apresentacao":"2023-02-07","tipo_apresentacao":"E","data_publicacao":null,"numero_origem_externa":"","ano_origem_externa":null,"data_origem_externa":null,"apelido":"","dias_prazo":null,"data_fim_prazo":null,"em_tramitacao":true,"polemica":false,"objeto":"","complementar":false,"ementa":"Que seja enviado of\u00edcio ao Prefeito de Montes Claros, Sr. Humberto Souto, solicitando ao Secret\u00e1rio de Servi\u00e7os Urbanos, Sr. Guilherme Guimar\u00e3es, para que sejam constru\u00eddas rampas de acesso para pessoas com defici\u00eancia ou com mobilidades reduzidas, nos locais que recentemente receberam pavimenta\u00e7\u00e3o asf\u00e1ltica e a padroniza\u00e7\u00e3o das cal\u00e7adas de acordo a Lei 3.745/07, que disp\u00f5e sobre a constru\u00e7\u00e3o e manuten\u00e7\u00e3o das cal\u00e7adas no munic\u00edpio de Montes Claros.","indexacao":"","observacao":"Of\u00edcio 25/2023","resultado":"","texto_original":"http://sapl.montesclaros.mg.leg.br/media/sapl/public/materialegislativa/2023/8290/requerimento_24.pdf","data_ultima_atualizacao":"2023-02-08T13:44:21.717826-03:00","ip":"177.101.43.66","ultima_edicao":"2023-02-08T13:44:21.573152-03:00","tipo":4,"regime_tramitacao":1,"tipo_origem_externa":null,"local_origem_externa":null,"user":3,"anexadas":[],"autores":[239]}