{"id":8789,"__str__":"Projeto de Lei Complementar n\u00ba 16 de 2022","link_detail_backend":"/materia/8789","metadata":{},"numero":16,"ano":2022,"numero_protocolo":null,"data_apresentacao":"2022-10-18","tipo_apresentacao":"","data_publicacao":null,"numero_origem_externa":"","ano_origem_externa":null,"data_origem_externa":null,"apelido":"","dias_prazo":null,"data_fim_prazo":null,"em_tramitacao":false,"polemica":false,"objeto":"","complementar":true,"ementa":"Flash 10.031.\r\nPROJETO DE LEI COMPLEMENTAR N\u00ba 07/2022. Altera a Lei Complementar n\u00ba 89, de 16/02/2022, que foi alterada pela Lei Complementar n\u00ba 92, de 26/04/2022, que disp\u00f5e sobre extin\u00e7\u00e3o, cria\u00e7\u00e3o e reestrutura\u00e7\u00e3o de cargos da estrutura funcional da C\u00e2mara Municipal de Montes Claros. (Referente \u00e0 Lei Complementar n\u00ba 94, de 11/11/2022).\r\nCl\u00e1udio Rodrigues de Jesus (Presidente).","indexacao":"","observacao":"","resultado":"","texto_original":"http://sapl.montesclaros.mg.leg.br/media/sapl/public/materialegislativa/2022/8789/flash_10.031.pdf","data_ultima_atualizacao":"2024-11-19T08:35:59.585030-03:00","ip":"177.101.40.104","ultima_edicao":"2024-11-19T08:35:59.372171-03:00","tipo":10,"regime_tramitacao":1,"tipo_origem_externa":null,"local_origem_externa":null,"user":8,"anexadas":[],"autores":[235]}