{"id":9455,"__str__":"Emenda n\u00ba 12 de 2023","link_detail_backend":"/materia/9455","metadata":{},"numero":12,"ano":2023,"numero_protocolo":687,"data_apresentacao":"2023-10-03","tipo_apresentacao":"E","data_publicacao":null,"numero_origem_externa":"","ano_origem_externa":null,"data_origem_externa":null,"apelido":"","dias_prazo":null,"data_fim_prazo":null,"em_tramitacao":true,"polemica":false,"objeto":"","complementar":false,"ementa":"Emenda ao projeto de Lei que \"Institui o Plano Municipal de Gest\u00e3o Integrada de Res\u00edduos S\u00f3lidos de Montes Claros-MG e d\u00e1 outras provid\u00eancias\".","indexacao":"","observacao":"","resultado":"","texto_original":"http://sapl.montesclaros.mg.leg.br/media/sapl/public/materialegislativa/2023/9455/emenda_12_2023.pdf","data_ultima_atualizacao":"2025-01-23T10:02:00.739001-03:00","ip":"177.101.41.113","ultima_edicao":"2023-09-29T12:39:48.228078-03:00","tipo":9,"regime_tramitacao":1,"tipo_origem_externa":null,"local_origem_externa":null,"user":55,"anexadas":[],"autores":[1]}